{"id":515,"date":"2024-03-08T08:00:00","date_gmt":"2024-03-08T08:00:00","guid":{"rendered":"https:\/\/legavi.pl\/blog\/?p=515"},"modified":"2024-01-30T13:45:13","modified_gmt":"2024-01-30T13:45:13","slug":"na-czym-polega-odpowiedzialnosc-karna-lekarza-za-blad-w-sztuce-medycznej","status":"publish","type":"post","link":"https:\/\/legavi.pl\/blog\/na-czym-polega-odpowiedzialnosc-karna-lekarza-za-blad-w-sztuce-medycznej","title":{"rendered":"Na czym polega odpowiedzialno\u015b\u0107 karna lekarza za b\u0142\u0105d w sztuce medycznej?"},"content":{"rendered":"<p>Kodeks karny nie zawiera przepis\u00f3w, kt\u00f3re bezpo\u015brednio odnosz\u0105 si\u0119 do poj\u0119cia <strong><a href=\"https:\/\/legavi.pl\/search\/specjalizacje\/zobowiazania\/bledy-medyczne\">b\u0142\u0119du medycznego<\/a><\/strong>, niemniej jednak lekarze nadal mog\u0105 zosta\u0107 poci\u0105gni\u0119ci do odpowiedzialno\u015bci karnej. Nie mo\u017cna bowiem zapomina\u0107, \u017ce prawo do ochrony zdrowia jest jednym z podstawowych praw ka\u017cdego obywatela Rzeczypospolitej Polskiej, chronionym przez art. 68 Konstytucji.<\/p>\n<p>Na podstawie przepis\u00f3w Kodeksu karnego lekarze mog\u0105 podlega\u0107 zar\u00f3wno karze grzywny, jak i ograniczenia, a nawet pozbawienia wolno\u015bci. Oto artyku\u0142y, z kt\u00f3rych najcz\u0119\u015bciej wyci\u0105gane s\u0105 konsekwencje wobec os\u00f3b, kt\u00f3rzy dopu\u015bcili si\u0119 b\u0142\u0119d\u00f3w w sztuce medycznej:<\/p>\n<ul>\n<li><strong>Art.\u00a0 155 \u00a0[Nieumy\u015blne spowodowanie \u015bmierci]<\/strong><\/li>\n<li><strong>Art.\u00a0 156 [Ci\u0119\u017cki uszczerbek na zdrowiu]<\/strong><\/li>\n<li><strong>Art.\u00a0 157 \u00a0[\u015aredni i lekki uszczerbek na zdrowiu]<\/strong><\/li>\n<li><strong>Art.\u00a0 157a [Uszczerbek na zdrowiu dziecka pocz\u0119tego]<\/strong><\/li>\n<li><strong>Art. 160 [Nara\u017cenie na niebezpiecze\u0144stwo]<\/strong><\/li>\n<\/ul>\n<p>Co wa\u017cne, zgodnie z wyrokiem S\u0105du Najwy\u017cszego z dnia 5 czerwca 2019 r. aby wykaza\u0107 odpowiedzialno\u015b\u0107 lekarza na podstawie art. 160 Kodeksu karnego konieczne jest zaistnienie 3 przes\u0142anek:<\/p>\n<ul>\n<li>stwierdzenie wyst\u0105pienia b\u0142\u0119du diagnostycznego,<\/li>\n<li>istnienie zwi\u0105zku przyczynowego pomi\u0119dzy b\u0142\u0119dem diagnostycznym a stanem nara\u017cenia,<\/li>\n<li>mo\u017cliwo\u015b\u0107 przypisania b\u0142\u0119du do konkretnej osoby.<\/li>\n<\/ul>\n<p><strong>Podstawy prawne<\/strong><\/p>\n<p>Postanowienie S\u0105du Najwy\u017cszego z dnia 5 czerwca 2019 r. o sygn. akt III KK 212\/18<\/p>\n<p>Ustawa z dnia 6 czerwca 1997 r. &#8211; Kodeks karny<\/p>\n","protected":false},"excerpt":{"rendered":"<p>Lekarze mog\u0105 zosta\u0107 poci\u0105gni\u0119ci do odpowiedzialno\u015bci karnej. Dowiedz si\u0119, kt\u00f3re artyku\u0142y poruszaj\u0105 t\u0119 kwesti\u0119. &#8230; <a class=\"cz_readmore\" href=\"https:\/\/legavi.pl\/blog\/na-czym-polega-odpowiedzialnosc-karna-lekarza-za-blad-w-sztuce-medycznej\"><i class=\"fa fa-angle-right\" aria-hidden=\"true\"><\/i><span>Czytaj ca\u0142o\u015b\u0107<\/span><\/a><\/p>\n","protected":false},"author":1,"featured_media":516,"comment_status":"open","ping_status":"open","sticky":false,"template":"","format":"standard","meta":{"footnotes":""},"categories":[13],"tags":[],"_links":{"self":[{"href":"https:\/\/legavi.pl\/blog\/wp-json\/wp\/v2\/posts\/515"}],"collection":[{"href":"https:\/\/legavi.pl\/blog\/wp-json\/wp\/v2\/posts"}],"about":[{"href":"https:\/\/legavi.pl\/blog\/wp-json\/wp\/v2\/types\/post"}],"author":[{"embeddable":true,"href":"https:\/\/legavi.pl\/blog\/wp-json\/wp\/v2\/users\/1"}],"replies":[{"embeddable":true,"href":"https:\/\/legavi.pl\/blog\/wp-json\/wp\/v2\/comments?post=515"}],"version-history":[{"count":2,"href":"https:\/\/legavi.pl\/blog\/wp-json\/wp\/v2\/posts\/515\/revisions"}],"predecessor-version":[{"id":518,"href":"https:\/\/legavi.pl\/blog\/wp-json\/wp\/v2\/posts\/515\/revisions\/518"}],"wp:featuredmedia":[{"embeddable":true,"href":"https:\/\/legavi.pl\/blog\/wp-json\/wp\/v2\/media\/516"}],"wp:attachment":[{"href":"https:\/\/legavi.pl\/blog\/wp-json\/wp\/v2\/media?parent=515"}],"wp:term":[{"taxonomy":"category","embeddable":true,"href":"https:\/\/legavi.pl\/blog\/wp-json\/wp\/v2\/categories?post=515"},{"taxonomy":"post_tag","embeddable":true,"href":"https:\/\/legavi.pl\/blog\/wp-json\/wp\/v2\/tags?post=515"}],"curies":[{"name":"wp","href":"https:\/\/api.w.org\/{rel}","templated":true}]}}